{"id":2387,"date":"2025-09-14T16:14:09","date_gmt":"2025-09-14T14:14:09","guid":{"rendered":"http:\/\/nmthomas.de\/?p=2387"},"modified":"2025-09-14T16:14:09","modified_gmt":"2025-09-14T14:14:09","slug":"ein-geschichtstraechtiger-tag-in-hiroshima","status":"publish","type":"post","link":"http:\/\/nmthomas.de\/?p=2387","title":{"rendered":"Ein geschichtstr\u00e4chtiger Tag in Hiroshima"},"content":{"rendered":"<p>Heute checkten wir in unserem Hotel in Kyoto schon fr\u00fch aus und fuhren mit dem Bus zum Hauptbahnhof. Am Bahnhof angekommen, suchten wir ein Caf\u00e9 auf und fr\u00fchst\u00fcckten in Ruhe. Nach dem Fr\u00fchst\u00fcck ging es dann direkt  zum Bahnsteig und mit dem Tokaido Shinkansen nach Kobe. An dem Umsteige-Bahnhof Shin-Kobe, welcher im Tal zwischen zwei Bergen steht, stiegen wir in den Sanyo Shinkansen weiter in Richtung Hiroshima. Auf dem Weg werden gef\u00fchlt hundert Tunnel durchfahren, dieses auch gef\u00fchlt in der H\u00f6chstgeschwindigkeit. Die gesamte Fahrt dauerte inklusive Umstieg knappe zwei Stunden. In Hiroshima angekommen, fuhren wir mit einem weiteren Verkehrsmittel in Richtung Hotel. Dieses Mal durften wir uns in eine Stra\u00dfenbahn setzen, die in Hiroshima Tradition hat.<\/p>\n<p><img loading=\"lazy\" decoding=\"async\" src=\"http:\/\/nmthomas.de\/wp-content\/uploads\/2025\/09\/img_2725.jpg\" class=\"size-medium wp-image-2377\" width=\"1126\" height=\"1500\" srcset=\"http:\/\/nmthomas.de\/wp-content\/uploads\/2025\/09\/img_2725.jpg 1126w, http:\/\/nmthomas.de\/wp-content\/uploads\/2025\/09\/img_2725-225x300.jpg 225w, http:\/\/nmthomas.de\/wp-content\/uploads\/2025\/09\/img_2725-769x1024.jpg 769w, http:\/\/nmthomas.de\/wp-content\/uploads\/2025\/09\/img_2725-768x1023.jpg 768w\" sizes=\"auto, (max-width: 709px) 85vw, (max-width: 909px) 67vw, (max-width: 1362px) 62vw, 840px\" \/><img loading=\"lazy\" decoding=\"async\" src=\"http:\/\/nmthomas.de\/wp-content\/uploads\/2025\/09\/img_2728.jpg\" class=\"size-medium wp-image-2376\" width=\"1126\" height=\"1500\" srcset=\"http:\/\/nmthomas.de\/wp-content\/uploads\/2025\/09\/img_2728.jpg 1126w, http:\/\/nmthomas.de\/wp-content\/uploads\/2025\/09\/img_2728-225x300.jpg 225w, http:\/\/nmthomas.de\/wp-content\/uploads\/2025\/09\/img_2728-769x1024.jpg 769w, http:\/\/nmthomas.de\/wp-content\/uploads\/2025\/09\/img_2728-768x1023.jpg 768w\" sizes=\"auto, (max-width: 709px) 85vw, (max-width: 909px) 67vw, (max-width: 1362px) 62vw, 840px\" \/><\/p>\n<p>Am Hotel angekommen, checkten wir ein und bezogen nach einer kurzen Wartezeit unsere Zimmer. Die Zimmer sind f\u00fcr japanische Verh\u00e4ltnisse recht gro\u00df geschnitten, auch wenn man hier einen Kleiderschrank vermisst. Da wir es aber von unseren anderen Reisen gewohnt sind, macht es uns auch nichts aus, aus einem Koffer zu leben. Ein Teil der Gruppe machte sich auf den Weg zu einem kleinen Shoppingausflug, w\u00e4hrend sich der andere ausruhte. Da es hier viele Produkte gibt, die es in Europa noch nicht gibt, lohnt sich jedesmal der Blick in die Auslage der L\u00e4den.<\/p>\n<p>Am sp\u00e4ten Nachmittag kamen wir dann wieder zusammen und gingen zum Friedenspark, direkt neben unserem Hotel. Da man vorab Tickets f\u00fcr das Museum buchen muss, haben wir dieses schon am fr\u00fchen Morgen erledigt. Am Friedenspark angekommen, f\u00fchlt man schon eine bedr\u00fcckende Stimmung. Genau in diesem Bereich wurde vor 80 Jahren die erste Atombombe abgeworfen und l\u00f6schte dabei unz\u00e4hlige Menschenleben aus. Gleichzeitig wurde auch fast eine komplette Stadt in Schutt und Asche gelegt.<\/p>\n<p><img loading=\"lazy\" decoding=\"async\" src=\"http:\/\/nmthomas.de\/wp-content\/uploads\/2025\/09\/img_2736.jpg\" class=\"size-medium wp-image-2378\" width=\"1500\" height=\"1126\" srcset=\"http:\/\/nmthomas.de\/wp-content\/uploads\/2025\/09\/img_2736.jpg 1500w, http:\/\/nmthomas.de\/wp-content\/uploads\/2025\/09\/img_2736-300x225.jpg 300w, http:\/\/nmthomas.de\/wp-content\/uploads\/2025\/09\/img_2736-1024x769.jpg 1024w, http:\/\/nmthomas.de\/wp-content\/uploads\/2025\/09\/img_2736-768x577.jpg 768w, http:\/\/nmthomas.de\/wp-content\/uploads\/2025\/09\/img_2736-1200x901.jpg 1200w\" sizes=\"auto, (max-width: 709px) 85vw, (max-width: 909px) 67vw, (max-width: 1362px) 62vw, 840px\" \/><\/p>\n<p>Da wir bis zum Eintritt in das Museum noch etwas Zeit hatten, gingen wir durch den Park spazieren. Neben gro\u00dfen Rasenfl\u00e4chen waren viele Gedenkstellen aufgebaut. Am Ende des Parks h\u00e4ngt die bekannte Friedensglocke, die traditionell zum Jahrestag um 08:15 Uhr Ortszeit zum Gedenken gel\u00e4utet wird. Jeder Besucher ist aber zu diesem Akt auch jederzeit eingeladen. Wir taten genau dies und sp\u00fcrten den tiefen, dunklen Ton der Glocke in unseren K\u00f6rpern. Gegen\u00fcber der Glocke findet man noch eine weitere historische Stelle, der Atombomben Dom. Dieser Teil der ehemaligen Handelskammer hat die Explosion der Atombombe damals schwer besch\u00e4digt \u00fcberstanden. Heute dient der Dom als Mahnmal. Um zu dem Dom zu kommen, muss man eine Br\u00fccke \u00fcber den Fluss \u00fcberqueren, hier findet man auch den Ground Zero, den eigentlichen Einschlagort der als &#8220;Little Boy&#8221; benannten Atombombe (welche \u00fcbrigens in 600m H\u00f6he \u00fcber der Stadt gez\u00fcndet wurde). Bedauerlicherweise steht der Gedenkstein unscheinbar an einer Stra\u00dfe, direkt neben einem Parkhaus.<\/p>\n<p><img loading=\"lazy\" decoding=\"async\" src=\"http:\/\/nmthomas.de\/wp-content\/uploads\/2025\/09\/fullsizerender-1.jpg\" class=\"size-medium wp-image-2379\" width=\"1500\" height=\"1126\" srcset=\"http:\/\/nmthomas.de\/wp-content\/uploads\/2025\/09\/fullsizerender-1.jpg 1500w, http:\/\/nmthomas.de\/wp-content\/uploads\/2025\/09\/fullsizerender-1-300x225.jpg 300w, http:\/\/nmthomas.de\/wp-content\/uploads\/2025\/09\/fullsizerender-1-1024x769.jpg 1024w, http:\/\/nmthomas.de\/wp-content\/uploads\/2025\/09\/fullsizerender-1-768x577.jpg 768w, http:\/\/nmthomas.de\/wp-content\/uploads\/2025\/09\/fullsizerender-1-1200x901.jpg 1200w\" sizes=\"auto, (max-width: 709px) 85vw, (max-width: 909px) 67vw, (max-width: 1362px) 62vw, 840px\" \/><img loading=\"lazy\" decoding=\"async\" src=\"http:\/\/nmthomas.de\/wp-content\/uploads\/2025\/09\/img_2755.jpg\" class=\"size-medium wp-image-2380\" width=\"1126\" height=\"1500\" srcset=\"http:\/\/nmthomas.de\/wp-content\/uploads\/2025\/09\/img_2755.jpg 1126w, http:\/\/nmthomas.de\/wp-content\/uploads\/2025\/09\/img_2755-225x300.jpg 225w, http:\/\/nmthomas.de\/wp-content\/uploads\/2025\/09\/img_2755-769x1024.jpg 769w, http:\/\/nmthomas.de\/wp-content\/uploads\/2025\/09\/img_2755-768x1023.jpg 768w\" sizes=\"auto, (max-width: 709px) 85vw, (max-width: 909px) 67vw, (max-width: 1362px) 62vw, 840px\" \/><img loading=\"lazy\" decoding=\"async\" src=\"http:\/\/nmthomas.de\/wp-content\/uploads\/2025\/09\/img_2774.jpg\" class=\"size-medium wp-image-2382\" width=\"1126\" height=\"1500\" srcset=\"http:\/\/nmthomas.de\/wp-content\/uploads\/2025\/09\/img_2774.jpg 1126w, http:\/\/nmthomas.de\/wp-content\/uploads\/2025\/09\/img_2774-225x300.jpg 225w, http:\/\/nmthomas.de\/wp-content\/uploads\/2025\/09\/img_2774-769x1024.jpg 769w, http:\/\/nmthomas.de\/wp-content\/uploads\/2025\/09\/img_2774-768x1023.jpg 768w\" sizes=\"auto, (max-width: 709px) 85vw, (max-width: 909px) 67vw, (max-width: 1362px) 62vw, 840px\" \/><img loading=\"lazy\" decoding=\"async\" src=\"http:\/\/nmthomas.de\/wp-content\/uploads\/2025\/09\/img_2796.jpg\" class=\"size-medium wp-image-2381\" width=\"1500\" height=\"1126\" srcset=\"http:\/\/nmthomas.de\/wp-content\/uploads\/2025\/09\/img_2796.jpg 1500w, http:\/\/nmthomas.de\/wp-content\/uploads\/2025\/09\/img_2796-300x225.jpg 300w, http:\/\/nmthomas.de\/wp-content\/uploads\/2025\/09\/img_2796-1024x769.jpg 1024w, http:\/\/nmthomas.de\/wp-content\/uploads\/2025\/09\/img_2796-768x577.jpg 768w, http:\/\/nmthomas.de\/wp-content\/uploads\/2025\/09\/img_2796-1200x901.jpg 1200w\" sizes=\"auto, (max-width: 709px) 85vw, (max-width: 909px) 67vw, (max-width: 1362px) 62vw, 840px\" \/><img loading=\"lazy\" decoding=\"async\" src=\"http:\/\/nmthomas.de\/wp-content\/uploads\/2025\/09\/img_2802.jpg\" class=\"size-medium wp-image-2383\" width=\"1126\" height=\"1500\" srcset=\"http:\/\/nmthomas.de\/wp-content\/uploads\/2025\/09\/img_2802.jpg 1126w, http:\/\/nmthomas.de\/wp-content\/uploads\/2025\/09\/img_2802-225x300.jpg 225w, http:\/\/nmthomas.de\/wp-content\/uploads\/2025\/09\/img_2802-769x1024.jpg 769w, http:\/\/nmthomas.de\/wp-content\/uploads\/2025\/09\/img_2802-768x1023.jpg 768w\" sizes=\"auto, (max-width: 709px) 85vw, (max-width: 909px) 67vw, (max-width: 1362px) 62vw, 840px\" \/><\/p>\n<p>Mit diesen Eindr\u00fccken betraten wir nun das Museum, welches jedoch leider sehr \u00fcberf\u00fcllt war. Die Ausstellung \u00fcber den 06. August 1945 und seinen Folgen war als eine Art Zeitreise aufgebaut. Mit vielen Bildern, Ausstellungsst\u00fccken und noch mehr Geschichten von Zeitzeugen. Direkt zu Beginn wird eine Animation pr\u00e4sentiert, die Luftbilder vor und nach der Explosion pr\u00e4sentieren. Die Stimmung bei fast allen Besuchern war bedr\u00fcckt, auch wenn wieder einige Besucher durch ihre Respektlosigkeit herausragten. Wie bitte kann man als Erwachsener mit einem Pok\u00e9mon-Hut in solch eine Ausstellung gehen?!?! Ohne Worte.<\/p>\n<p><img loading=\"lazy\" decoding=\"async\" src=\"http:\/\/nmthomas.de\/wp-content\/uploads\/2025\/09\/img_2782.jpg\" class=\"size-medium wp-image-2385\" width=\"1500\" height=\"1126\" srcset=\"http:\/\/nmthomas.de\/wp-content\/uploads\/2025\/09\/img_2782.jpg 1500w, http:\/\/nmthomas.de\/wp-content\/uploads\/2025\/09\/img_2782-300x225.jpg 300w, http:\/\/nmthomas.de\/wp-content\/uploads\/2025\/09\/img_2782-1024x769.jpg 1024w, http:\/\/nmthomas.de\/wp-content\/uploads\/2025\/09\/img_2782-768x577.jpg 768w, http:\/\/nmthomas.de\/wp-content\/uploads\/2025\/09\/img_2782-1200x901.jpg 1200w\" sizes=\"auto, (max-width: 709px) 85vw, (max-width: 909px) 67vw, (max-width: 1362px) 62vw, 840px\" \/><img loading=\"lazy\" decoding=\"async\" src=\"http:\/\/nmthomas.de\/wp-content\/uploads\/2025\/09\/img_2781.jpg\" class=\"size-medium wp-image-2386\" width=\"1126\" height=\"1500\" srcset=\"http:\/\/nmthomas.de\/wp-content\/uploads\/2025\/09\/img_2781.jpg 1126w, http:\/\/nmthomas.de\/wp-content\/uploads\/2025\/09\/img_2781-225x300.jpg 225w, http:\/\/nmthomas.de\/wp-content\/uploads\/2025\/09\/img_2781-769x1024.jpg 769w, http:\/\/nmthomas.de\/wp-content\/uploads\/2025\/09\/img_2781-768x1023.jpg 768w\" sizes=\"auto, (max-width: 709px) 85vw, (max-width: 909px) 67vw, (max-width: 1362px) 62vw, 840px\" \/><img loading=\"lazy\" decoding=\"async\" src=\"http:\/\/nmthomas.de\/wp-content\/uploads\/2025\/09\/img_2784.jpg\" class=\"size-medium wp-image-2384\" width=\"1500\" height=\"1126\" srcset=\"http:\/\/nmthomas.de\/wp-content\/uploads\/2025\/09\/img_2784.jpg 1500w, http:\/\/nmthomas.de\/wp-content\/uploads\/2025\/09\/img_2784-300x225.jpg 300w, http:\/\/nmthomas.de\/wp-content\/uploads\/2025\/09\/img_2784-1024x769.jpg 1024w, http:\/\/nmthomas.de\/wp-content\/uploads\/2025\/09\/img_2784-768x577.jpg 768w, http:\/\/nmthomas.de\/wp-content\/uploads\/2025\/09\/img_2784-1200x901.jpg 1200w\" sizes=\"auto, (max-width: 709px) 85vw, (max-width: 909px) 67vw, (max-width: 1362px) 62vw, 840px\" \/><\/p>\n<p>Nach einer guten Stunde in der Ausstellung ging es f\u00fcr uns dann wieder in den Friedenspark, hier mussten wir erst einmal die Eindr\u00fccke sacken lassen. Aufgrund der \u00dcberf\u00fcllung der Ausstellung hatte man nicht die M\u00f6glichkeit alle Exponate in Ruhe anzusehen.<\/p>\n<p>Wir spazierten noch ein wenig durch den Park und gingen im Anschluss in einem japanischen Restaurant Ramen essen. Hierbei war jedoch die Besonderheit, dass die Nudeln aus Buchweizenmehl bestanden.<\/p>\n<p>Da dies der letzte Abend in der Reisegruppenkonstellation war (Hannahs Vater reist morgen wieder nach Tokyo), wurde noch ein Drink in der Rooftop Bar unseres Hotels genossen.<\/p>\n<p>Nun entspannen wir uns ein wenig, um morgen die Stadt weiter zu erkunden.<\/p>\n<p>Bis dahin<\/p>\n<p>Nicole &amp; Michael<\/p>\n<ul id=\"wp-image-\" class=\"exif\">\n<li class=\"camera\">Kamera: iPhone 16 Pro<\/li>\n<\/ul>\n","protected":false},"excerpt":{"rendered":"<p>Heute checkten wir in unserem Hotel in Kyoto schon fr\u00fch aus und fuhren mit dem Bus zum Hauptbahnhof. Am Bahnhof angekommen, suchten wir ein Caf\u00e9 auf und fr\u00fchst\u00fcckten in Ruhe. Nach dem Fr\u00fchst\u00fcck ging es dann direkt zum Bahnsteig und mit dem Tokaido Shinkansen nach Kobe. An dem Umsteige-Bahnhof Shin-Kobe, welcher im Tal zwischen zwei &hellip; <a href=\"http:\/\/nmthomas.de\/?p=2387\" class=\"more-link\"><span class=\"screen-reader-text\">\u201eEin geschichtstr\u00e4chtiger Tag in Hiroshima\u201c<\/span> weiterlesen<\/a><\/p>\n","protected":false},"author":1,"featured_media":0,"comment_status":"closed","ping_status":"open","sticky":false,"template":"","format":"standard","meta":{"_s2mail":"","footnotes":""},"categories":[34],"tags":[],"class_list":["post-2387","post","type-post","status-publish","format-standard","hentry","category-japan-rundreise"],"_links":{"self":[{"href":"http:\/\/nmthomas.de\/index.php?rest_route=\/wp\/v2\/posts\/2387","targetHints":{"allow":["GET"]}}],"collection":[{"href":"http:\/\/nmthomas.de\/index.php?rest_route=\/wp\/v2\/posts"}],"about":[{"href":"http:\/\/nmthomas.de\/index.php?rest_route=\/wp\/v2\/types\/post"}],"author":[{"embeddable":true,"href":"http:\/\/nmthomas.de\/index.php?rest_route=\/wp\/v2\/users\/1"}],"replies":[{"embeddable":true,"href":"http:\/\/nmthomas.de\/index.php?rest_route=%2Fwp%2Fv2%2Fcomments&post=2387"}],"version-history":[{"count":1,"href":"http:\/\/nmthomas.de\/index.php?rest_route=\/wp\/v2\/posts\/2387\/revisions"}],"predecessor-version":[{"id":2388,"href":"http:\/\/nmthomas.de\/index.php?rest_route=\/wp\/v2\/posts\/2387\/revisions\/2388"}],"wp:attachment":[{"href":"http:\/\/nmthomas.de\/index.php?rest_route=%2Fwp%2Fv2%2Fmedia&parent=2387"}],"wp:term":[{"taxonomy":"category","embeddable":true,"href":"http:\/\/nmthomas.de\/index.php?rest_route=%2Fwp%2Fv2%2Fcategories&post=2387"},{"taxonomy":"post_tag","embeddable":true,"href":"http:\/\/nmthomas.de\/index.php?rest_route=%2Fwp%2Fv2%2Ftags&post=2387"}],"curies":[{"name":"wp","href":"https:\/\/api.w.org\/{rel}","templated":true}]}}